[{"@context":"https:\/\/schema.org\/","@type":"Article","@id":"https:\/\/www.net-d.cz\/moda-zralych-zen\/#Article","mainEntityOfPage":"https:\/\/www.net-d.cz\/moda-zralych-zen\/","headline":"M\u00f3da zral\u00fdch \u017een","name":"M\u00f3da zral\u00fdch \u017een","description":"Dobrou radou pro zral\u00e9 \u017eeny, kter\u00e9 se cht\u011bj\u00ed obl\u00e9kat m\u00e9n\u011b usedle ne\u017e jejich vrstevnice, je zd\u016frazn\u011bn\u00ed vlastn\u00ed osobitosti. Proto\u017ee sv\u00fdm oble\u010den\u00edm vyjad\u0159uj\u00ed samy sebe. Co\u017e nastavuje sm\u011br. Kter\u00fd mus\u00ed b\u00fdt jedine\u010dn\u00fd. Ni\u010d\u00edm neovlivn\u011bn\u00fd. P\u0159izp\u016fsoben\u00e9m vlastn\u00ed p\u0159edstav\u011b o tom, co je i ve zral\u00e9m v\u011bku origin\u00e1ln\u00ed. Sebereflex\u00ed, kterou se ka\u017ed\u00e1 \u017eena sna\u017e\u00ed vych\u00e1zet s m\u00f3dn\u00edmi trendy [&hellip;]","datePublished":"2022-05-08","dateModified":"2023-04-29","author":{"@type":"Person","@id":"https:\/\/www.net-d.cz\/author\/#Person","name":"net-d.cz\n","url":"https:\/\/www.net-d.cz\/author\/","identifier":1,"image":{"@type":"ImageObject","@id":"https:\/\/secure.gravatar.com\/avatar\/232437c79d6ebbb41eb67b1526ce0bc08ee5047d6b1594dc05abcc3258d8e0b3?s=96&d=mm&r=g","url":"https:\/\/secure.gravatar.com\/avatar\/232437c79d6ebbb41eb67b1526ce0bc08ee5047d6b1594dc05abcc3258d8e0b3?s=96&d=mm&r=g","height":96,"width":96}},"publisher":{"@type":"Organization","name":"net-d.cz","logo":{"@type":"ImageObject","@id":"\/logo.png","url":"\/logo.png","width":600,"height":60}},"image":{"@type":"ImageObject","@id":"https:\/\/www.net-d.cz\/wp-content\/uploads\/kv%C4%9Btovan%C3%A9%20%C5%A1aty_1.jpg","url":"https:\/\/www.net-d.cz\/wp-content\/uploads\/kv%C4%9Btovan%C3%A9%20%C5%A1aty_1.jpg","height":0,"width":0},"url":"https:\/\/www.net-d.cz\/moda-zralych-zen\/","about":["M\u00f3da"],"wordCount":461,"articleBody":"Dobrou radou pro zral\u00e9 \u017eeny, kter\u00e9 se cht\u011bj\u00ed obl\u00e9kat m\u00e9n\u011b usedle ne\u017e jejich vrstevnice, je zd\u016frazn\u011bn\u00ed vlastn\u00ed osobitosti. Proto\u017ee sv\u00fdm oble\u010den\u00edm vyjad\u0159uj\u00ed samy sebe. Co\u017e nastavuje sm\u011br. Kter\u00fd mus\u00ed b\u00fdt jedine\u010dn\u00fd. Ni\u010d\u00edm neovlivn\u011bn\u00fd. P\u0159izp\u016fsoben\u00e9m vlastn\u00ed p\u0159edstav\u011b o tom, co je i ve zral\u00e9m v\u011bku origin\u00e1ln\u00ed. Sebereflex\u00ed, kterou se ka\u017ed\u00e1 \u017eena sna\u017e\u00ed vych\u00e1zet s m\u00f3dn\u00edmi trendy u\u017e od ml\u00e1d\u00ed, se dopracuje k z\u00e1sadn\u00edmu pozn\u00e1n\u00ed, co je pro jej\u00ed typ postavy nejvhodn\u011bj\u0161\u00ed. A co je nejslu\u0161iv\u011bj\u0161\u00ed. Velk\u00fdm pomocn\u00edkem k tomuto z\u00e1kladu slou\u017e\u00ed velk\u00e9 zrcadlo. Kter\u00e9 naprosto p\u0159esn\u011b uk\u00e1\u017ee, kter\u00e9 p\u0159ednosti lze vhodn\u00fdm oble\u010den\u00edm vyzdvihnout a kter\u00e9 nedostatky potla\u010dit. A je to op\u011bt zrcadlo, kter\u00e9 s naprostou jistotou uk\u00e1\u017ee, co si obl\u00e9knout, p\u0159esto\u017ee roky p\u0159ib\u00fdvaj\u00ed. Dodr\u017eet vlastn\u00ed p\u0159edstavu o celkov\u00e9m dojmu lze t\u00edmto zp\u016fsobem dodr\u017eet, ani\u017e je nutn\u00e9 ze \u0161atn\u00edku vyh\u00e1zet v\u0161echno, co je poseto vesel\u00fdmi barvami a vzory.Velkou inspirac\u00ed pro \u017eeny, kter\u00fdm sice p\u0159ib\u00fdvaj\u00ed l\u00e9ta, ale ony neh\u00e1zej\u00ed flintu do \u017eita, jsou n\u011bkter\u00e9 st\u00e1rnouc\u00ed celebrity. Kter\u00e9 sv\u00fdm vzhledem dokazuj\u00ed, \u017ee v\u011bk je jenom \u010d\u00edslo. A udr\u017euj\u00ed si sv\u016fj styl. Kter\u00fd m\u00e1 nejen n\u00e1paditost, ale i hravost a nezbytnou eleganci. \u010c\u00edm\u017e skl\u00edz\u00ed zaslou\u017een\u00fd obdiv nejen od mu\u017e\u016f, ale i od mnohem mlad\u0161\u00edch \u017een. A p\u0159i osobn\u00edm setk\u00e1n\u00ed na nich m\u016f\u017ee okol\u00ed o\u010di nechat. Tyto \u017eeny, p\u0159esto\u017ee se nesna\u017e\u00ed vypadat jako dvaceti letech, proto\u017ee v\u00ed, \u017ee to nejde, vol\u00ed osobn\u00ed styl, ve kter\u00e9m se c\u00edt\u00ed dob\u0159e. Jakoby ve druh\u00e9 vlastn\u00ed k\u016f\u017ei.Snad nejv\u00edce \u0161mrncovn\u00ed oble\u010den\u00ed na sob\u011b um\u00ed nosit \u017eeny, kter\u00e9 sice nikdy nem\u011bly postavy modelek. Ale b\u011bhem \u017eivota si na\u0161ly sv\u016fj styl. Rozhodn\u011b do n\u011bho nepat\u0159\u00ed nadit\u00e9 sk\u0159\u00edn\u011b drah\u00fdch od\u011bvn\u00edch kus\u016f, bot\u016f a kabelek. Sta\u010d\u00ed si po\u0159\u00eddit n\u011bkolik z\u00e1kladn\u00edch nad\u010dasov\u00fdch kus\u016f, se kter\u00fdmi lze kombinovat i dopl\u0148ky, kter\u00e9 jsou v\u00fdrazn\u00e9. A tak se v dobr\u00e9m slova smyslu vy\u0159\u00e1dit. P\u0159ed odchodem z domu se je\u0161t\u011b ujistit pohledem do zrcadla, jestli je v\u0161echno jak m\u00e1 b\u00fdt. \u017deny, kter\u00e9 i ve zral\u00e9m v\u011bku maj\u00ed odvahu experimentovat a do sv\u00e9ho \u0161atn\u00edku ob\u010das p\u0159id\u00e1vat i n\u011bco bl\u00e1zniv\u00e9ho, maj\u00ed vyhr\u00e1no. Udr\u017e\u00ed tak krok s p\u0159ib\u00fdvaj\u00edc\u00edm v\u011bkem se ct\u00ed.                                                                                                                                                                                                                                                                                                                                                                                        4.3\/5 - (6 votes)        "},{"@context":"https:\/\/schema.org\/","@type":"BreadcrumbList","itemListElement":[{"@type":"ListItem","position":1,"name":"M\u00f3da zral\u00fdch \u017een","item":"https:\/\/www.net-d.cz\/moda-zralych-zen\/#breadcrumbitem"}]}]